{"id":2030,"date":"2021-05-20T09:41:48","date_gmt":"2021-05-20T09:41:48","guid":{"rendered":"https:\/\/philosophy-cognition.com\/cmc\/?p=2030"},"modified":"2025-05-21T11:40:02","modified_gmt":"2025-05-21T09:40:02","slug":"graduiertenkolleg-verlangert","status":"publish","type":"post","link":"https:\/\/philosophy-cognition.com\/cmc\/2021\/05\/20\/graduiertenkolleg-verlangert\/","title":{"rendered":"Graduiertenkolleg verl\u00e4ngert"},"content":{"rendered":"\n<h1 class=\"wp-block-heading\">Die zentralen Eigenschaften unserer geistigen F\u00e4higkeiten<\/h1>\n\n\n\n<p>Das interdisziplin\u00e4re Graduiertenkolleg \u201eSituierte Kognition\u201c, bestehend aus Wissenschaftler*innen in Philosophie und Kognitionswissenschaften, geht in die zweite F\u00f6rderphase. Die Deutsche Forschungsgemeinschaft stellt f\u00fcr die Verl\u00e4ngerung bis 2026 rund 3,5 Millionen Euro zur Verf\u00fcgung. Hauptziel des Kollegs ist es, die Defizite bisheriger Konzepte von Geist und Kognition herauszuarbeiten und eine neue Beschreibung und Erkl\u00e4rung kognitiver F\u00e4higkeiten zu entwickeln. Das bi-lokale Kolleg lebt von der intensiven Zusammenarbeit der Forschenden an der Ruhr-Universit\u00e4t Bochum (RUB) und der Universit\u00e4t Osnabr\u00fcck. Unter der Leitung des Sprechers Prof. Dr. Albert Newen vom Institut f\u00fcr Philosophie II in Bochum und des Ko-Sprechers Prof. Dr. Achim Stephan vom Institut f\u00fcr Kognitionswissenschaft in Osnabr\u00fcck konnten Synergien entwickelt werden, auf denen die Teams aufbauen.<\/p>\n\n\n\n<p>F\u00fcr den vollst\u00e4ndigen Artikel bitte <a href=\"https:\/\/news.rub.de\/presseinformationen\/wissenschaft\/2021-05-10-graduiertenkolleg-verlaengert-die-zentralen-eigenschaften-unserer-geistigen-faehigkeiten\">hier<\/a> klicken<\/p>\n","protected":false},"excerpt":{"rendered":"<p>Die zentralen Eigenschaften unserer geistigen F\u00e4higkeiten Das interdisziplin\u00e4re Graduiertenkolleg \u201eSituierte Kognition\u201c, bestehend aus Wissenschaftler*innen in Philosophie und Kognitionswissenschaften, geht in die zweite F\u00f6rderphase. Die Deutsche Forschungsgemeinschaft stellt f\u00fcr die Verl\u00e4ngerung [&hellip;]<\/p>\n","protected":false},"author":3,"featured_media":2031,"comment_status":"open","ping_status":"open","sticky":false,"template":"","format":"standard","meta":{"_et_pb_use_builder":"","_et_pb_old_content":"","_et_gb_content_width":"","footnotes":""},"categories":[54,2],"tags":[],"pub_author":[],"post_folder":[197],"class_list":["post-2030","post","type-post","status-publish","format-standard","has-post-thumbnail","hentry","category-mainmix","category-news"],"_links":{"self":[{"href":"https:\/\/philosophy-cognition.com\/cmc\/wp-json\/wp\/v2\/posts\/2030","targetHints":{"allow":["GET"]}}],"collection":[{"href":"https:\/\/philosophy-cognition.com\/cmc\/wp-json\/wp\/v2\/posts"}],"about":[{"href":"https:\/\/philosophy-cognition.com\/cmc\/wp-json\/wp\/v2\/types\/post"}],"author":[{"embeddable":true,"href":"https:\/\/philosophy-cognition.com\/cmc\/wp-json\/wp\/v2\/users\/3"}],"replies":[{"embeddable":true,"href":"https:\/\/philosophy-cognition.com\/cmc\/wp-json\/wp\/v2\/comments?post=2030"}],"version-history":[{"count":1,"href":"https:\/\/philosophy-cognition.com\/cmc\/wp-json\/wp\/v2\/posts\/2030\/revisions"}],"predecessor-version":[{"id":2032,"href":"https:\/\/philosophy-cognition.com\/cmc\/wp-json\/wp\/v2\/posts\/2030\/revisions\/2032"}],"wp:featuredmedia":[{"embeddable":true,"href":"https:\/\/philosophy-cognition.com\/cmc\/wp-json\/wp\/v2\/media\/2031"}],"wp:attachment":[{"href":"https:\/\/philosophy-cognition.com\/cmc\/wp-json\/wp\/v2\/media?parent=2030"}],"wp:term":[{"taxonomy":"category","embeddable":true,"href":"https:\/\/philosophy-cognition.com\/cmc\/wp-json\/wp\/v2\/categories?post=2030"},{"taxonomy":"post_tag","embeddable":true,"href":"https:\/\/philosophy-cognition.com\/cmc\/wp-json\/wp\/v2\/tags?post=2030"},{"taxonomy":"pub_author","embeddable":true,"href":"https:\/\/philosophy-cognition.com\/cmc\/wp-json\/wp\/v2\/pub_author?post=2030"},{"taxonomy":"post_folder","embeddable":true,"href":"https:\/\/philosophy-cognition.com\/cmc\/wp-json\/wp\/v2\/post_folder?post=2030"}],"curies":[{"name":"wp","href":"https:\/\/api.w.org\/{rel}","templated":true}]}}